{"id":7814,"date":"2025-10-16T09:50:16","date_gmt":"2025-10-16T07:50:16","guid":{"rendered":"https:\/\/potep.edu.it\/?p=7814"},"modified":"2025-10-17T12:20:32","modified_gmt":"2025-10-17T10:20:32","slug":"inteligenca-poezije","status":"publish","type":"post","link":"https:\/\/potep.edu.it\/sl\/inteligenca-poezije\/","title":{"rendered":"Inteligenca poezije"},"content":{"rendered":"<p>Pobudo je navdihnila lanskoletna ponovna objava zbornika pesni\u0161ke konference, ki jo je leta 1966 v Gorici organiziral ICM \u2013 In\u0161titut za srednjeevropska kulturna sre\u010danja.<\/p>\n<p>Predlog ima dvojni namen: po eni strani opozoriti na tisti oddaljeni, a \u0161e vedno pomemben trenutek in na briljantno idejo skupine mladih intelektualcev, politikov in podjetnikov, ki so s pomo\u010djo pesni\u0161ke konference uspeli vzpostaviti dialog med ljudmi zunaj njihovih meja. Po drugi strani pa ponuditi prilo\u017enost za razmislek o sodobni realnosti in pogled v prihodnost.<\/p>\n<p>Vpra\u0161anje je, ali je poezija \u0161e zmo\u017ena izraziti tako mo\u010dno eti\u010dno in v \u0161ir\u0161em smislu tudi politi\u010dno napetost.<\/p>\n<p>Prisotnost tako italijanskih kot slovenskih govorcev in bralcev poudarja vedno prisotno temo meje kot prepustnega in kulturno rodovitnega obmo\u010dja, prav zato, ker ga naseljujejo razli\u010dne ob\u010dutljivosti in perspektive glede zgodovinskih dogodkov.<\/p>\n<p>Kdaj:<br \/>\n<strong>25. 10. 2025 od 16:00 do 19:00<\/strong><\/p>\n<p>Kje:<br \/>\n<strong>Hotel Entourage, Piazza S. Antonio, Gorica<\/strong><br \/>\n<strong>34170 Gorica<\/strong><\/p>\n<p>&nbsp;<\/p>\n<p>Dijaka Anja Pahor in Sebastian Formentini iz 5. T razreda sodelujeta na simpoziju o pesni\u0161tvu &#8211; Inteligenca pesni\u0161tva v Gorici.<\/p>\n<p>&nbsp;<\/p>\n<p><a href=\"https:\/\/potep.edu.it\/wp-content\/uploads\/2025\/10\/inteligencapoezije.pdf\" target=\"_blank\" rel=\"noopener\">Prenesi informativni letak o dogodku<\/a><\/p>\n<p><a href=\"https:\/\/www.go2025.eu\/sl\/imports\/events\/proposed\/anonymous\/inteligenca-poezije\" target=\"_blank\" rel=\"noopener\">https:\/\/www.go2025.eu\/sl\/imports\/events\/proposed\/anonymous\/inteligenca-poezije<\/a><\/p>\n<p><a href=\"http:\/\/www.sfifvg.eu\/\" target=\"_blank\" rel=\"noopener\">http:\/\/www.sfifvg.eu\/<\/a><\/p>\n","protected":false},"excerpt":{"rendered":"<p>Pobudo je navdihnila lanskoletna ponovna objava zbornika pesni\u0161ke konference, ki jo je leta 1966 v Gorici organiziral ICM \u2013 In\u0161titut za srednjeevropska kulturna sre\u010danja. Predlog ima dvojni namen: po eni strani opozoriti na tisti oddaljeni, a [&hellip;]<\/p>\n","protected":false},"author":5,"featured_media":7817,"comment_status":"closed","ping_status":"closed","sticky":false,"template":"","format":"standard","meta":{"_acf_changed":false,"footnotes":""},"tags":[],"class_list":["post-7814","post","type-post","status-publish","format-standard","has-post-thumbnail","hentry","tipologia-articolo-notizie"],"acf":[],"_links":{"self":[{"href":"https:\/\/potep.edu.it\/sl\/wp-json\/wp\/v2\/posts\/7814","targetHints":{"allow":["GET"]}}],"collection":[{"href":"https:\/\/potep.edu.it\/sl\/wp-json\/wp\/v2\/posts"}],"about":[{"href":"https:\/\/potep.edu.it\/sl\/wp-json\/wp\/v2\/types\/post"}],"author":[{"embeddable":true,"href":"https:\/\/potep.edu.it\/sl\/wp-json\/wp\/v2\/users\/5"}],"replies":[{"embeddable":true,"href":"https:\/\/potep.edu.it\/sl\/wp-json\/wp\/v2\/comments?post=7814"}],"version-history":[{"count":8,"href":"https:\/\/potep.edu.it\/sl\/wp-json\/wp\/v2\/posts\/7814\/revisions"}],"predecessor-version":[{"id":7836,"href":"https:\/\/potep.edu.it\/sl\/wp-json\/wp\/v2\/posts\/7814\/revisions\/7836"}],"wp:featuredmedia":[{"embeddable":true,"href":"https:\/\/potep.edu.it\/sl\/wp-json\/wp\/v2\/media\/7817"}],"wp:attachment":[{"href":"https:\/\/potep.edu.it\/sl\/wp-json\/wp\/v2\/media?parent=7814"}],"wp:term":[{"taxonomy":"post_tag","embeddable":true,"href":"https:\/\/potep.edu.it\/sl\/wp-json\/wp\/v2\/tags?post=7814"}],"curies":[{"name":"wp","href":"https:\/\/api.w.org\/{rel}","templated":true}]}}