{"id":7800,"date":"2025-09-05T20:30:21","date_gmt":"2025-09-05T18:30:21","guid":{"rendered":"https:\/\/potep.edu.it\/zacetek-pouka-solski-urnik-in-sprejem-dijakov-prvih-razredov-v-novo-ucno-okolje-2\/"},"modified":"2025-09-05T20:32:31","modified_gmt":"2025-09-05T18:32:31","slug":"zacetek-pouka-solski-urnik-in-sprejem-dijakov-prvih-razredov-v-novo-ucno-okolje-2","status":"publish","type":"post","link":"https:\/\/potep.edu.it\/sl\/zacetek-pouka-solski-urnik-in-sprejem-dijakov-prvih-razredov-v-novo-ucno-okolje-2\/","title":{"rendered":"Za\u010detek pouka, \u0161olski urnik in sprejem dijakov prvih razredov v novo u\u010dno okolje"},"content":{"rendered":"<p><strong>Urnik<\/strong><br \/>\nPouk se v \u0161olskem letu 2025\/26 za\u010dne<strong> 8. septembra ob 8.00 zaklju\u010dil ob 13.12<\/strong>. Po zaklju\u010dku didakti\u010dnih obveznosti se bodo dijaki lahko udele\u017eili \u0161olske ma\u0161e, ki bo ob 13.30 v Slovenskem pastoralnem sredi\u0161\u010du v ul. sv. Ivana 12 v Gorici.<\/p>\n<p>Od torka, <strong>9. septembra, do petka, 12. septembra, se bo pouk pri\u010del ob 8. uri in zaklju\u010dil ob 14.04.<\/strong><br \/>\nDnevni urnik za prve tedne pouka bomo sporo\u010dali preko objav v elektronskem dnevniku in na spletni strani <a href=\"http:\/\/www.potep.edu.it\">www.potep.edu.it<\/a>.<\/p>\n<p><strong>Novosti za \u0161.l. 2025\/26<\/strong><br \/>\nZ ministrsko okro\u017enico \u0161t. 3392 z dne 16. junija 2025 je minister za \u0161olstvo Valditara prepovedal rabo telefonov v \u0161oli. Do vstopa v veljavo novega \u0161olskega pravilnika, ki ga trenutno oblikuje zbor u\u010dnega osebja, vabimo vse dijake, da ob vstopu v \u0161olo ugasnejo telefon in ga spravijo v torbo. Pri\u017egali ga bodo lahko le ob izstopu iz \u0161ole. Med bivanjem na \u0161oli je torej raba osebnih telefonov strogo prepovedana.<\/p>\n<p><strong>Dijaki prvih razredov<\/strong><br \/>\nZa prve razrede je predviden sprejem dijakov. Vsi prvo\u0161olci se bodo zbrali v ve\u010dnamenski sobi, kjer jih bodo sprejeli profesorji in jim predstavili dejavnosti, ki se bodo odvijale v prvem tednu pouka.<br \/>\nCilj omenjenih dejavnosti je:<\/p>\n<ul>\n<li>vzpostaviti dobre socialne odnose, ki temeljijo na konstruktivni izmenjavi med vrstniki;<\/li>\n<li>olaj\u0161ati vklju\u010ditev novo vpisanih u\u010dencev v novo \u0161olsko okolje;<\/li>\n<li>novo vpisanim dijakom posredovati informacije o organizaciji \u0161ole (odsotnosti, zamude,<br \/>\nopravi\u010dila, gesla za register, pravila ravnanja in dejavnosti, ki jih organizira \u0161ola).<\/li>\n<\/ul>\n<p>&nbsp;<\/p>\n<p><strong><a href=\"https:\/\/potep.edu.it\/wp-content\/uploads\/2025\/09\/25-09-08-09-10-11-12.pdf\" target=\"_blank\" rel=\"noopener\">Urnik od 8. 12. septembra 2025<\/a><\/strong><\/p>\n<p>&nbsp;<\/p>\n<p>Ravnatelj<\/p>\n<p>&nbsp;<\/p>\n","protected":false},"excerpt":{"rendered":"<p>Urnik Pouk se v \u0161olskem letu 2025\/26 za\u010dne 8. septembra ob 8.00 zaklju\u010dil ob 13.12. Po zaklju\u010dku didakti\u010dnih obveznosti se bodo dijaki lahko udele\u017eili \u0161olske ma\u0161e, ki bo ob 13.30 v Slovenskem pastoralnem sredi\u0161\u010du v ul. [&hellip;]<\/p>\n","protected":false},"author":5,"featured_media":0,"comment_status":"closed","ping_status":"closed","sticky":false,"template":"","format":"standard","meta":{"_acf_changed":false,"footnotes":""},"tags":[],"class_list":["post-7800","post","type-post","status-publish","format-standard","hentry","tipologia-articolo-notizie"],"acf":[],"_links":{"self":[{"href":"https:\/\/potep.edu.it\/sl\/wp-json\/wp\/v2\/posts\/7800","targetHints":{"allow":["GET"]}}],"collection":[{"href":"https:\/\/potep.edu.it\/sl\/wp-json\/wp\/v2\/posts"}],"about":[{"href":"https:\/\/potep.edu.it\/sl\/wp-json\/wp\/v2\/types\/post"}],"author":[{"embeddable":true,"href":"https:\/\/potep.edu.it\/sl\/wp-json\/wp\/v2\/users\/5"}],"replies":[{"embeddable":true,"href":"https:\/\/potep.edu.it\/sl\/wp-json\/wp\/v2\/comments?post=7800"}],"version-history":[{"count":1,"href":"https:\/\/potep.edu.it\/sl\/wp-json\/wp\/v2\/posts\/7800\/revisions"}],"predecessor-version":[{"id":7801,"href":"https:\/\/potep.edu.it\/sl\/wp-json\/wp\/v2\/posts\/7800\/revisions\/7801"}],"wp:attachment":[{"href":"https:\/\/potep.edu.it\/sl\/wp-json\/wp\/v2\/media?parent=7800"}],"wp:term":[{"taxonomy":"post_tag","embeddable":true,"href":"https:\/\/potep.edu.it\/sl\/wp-json\/wp\/v2\/tags?post=7800"}],"curies":[{"name":"wp","href":"https:\/\/api.w.org\/{rel}","templated":true}]}}