{"id":1041,"date":"2015-06-15T18:25:55","date_gmt":"2015-06-15T16:25:55","guid":{"rendered":"http:\/\/wp.potep.org\/?p=1041"},"modified":"2015-06-15T18:25:55","modified_gmt":"2015-06-15T16:25:55","slug":"literarni-natecaj-glas-zenske","status":"publish","type":"post","link":"https:\/\/potep.edu.it\/sl\/literarni-natecaj-glas-zenske\/","title":{"rendered":"Literarni nate\u010daj &#8220;Glas \u017eenske&#8221;"},"content":{"rendered":"<div>Pokrajina Gorica \u00a0je v sodelovanju z Mestno ob\u010dino Nova Gorica razpisala literarni nate\u010daj Glas \u017eenske na temo ZAKAJ \u017dENSKE \u0160E VEDNO ZAOSTAJAJO?. Polo\u017eaj \u017eenske v sodobni dru\u017ebi \u0161e ni idealen, saj je razpeta med dru\u017eino in kariero, na trgu dela pa je slab\u0161e pla\u010dana od mo\u0161kih. Zato tudi \u00a0danes \u00a0s te\u017eavo uveljavlja \u00a0svoje pravice na vseh podro\u010djih, kjer \u00a0je \u00a0 te\u017eko izkoreniniti mentaliteto, ki dopu\u0161\u010da dru\u017ebeno \u00a0nadvlado mo\u0161kih nad \u017eenskami.<\/div>\n<div>Na objavljen literarni razpis je svoje prispevke poslalo \u0161tirideset avtoric z obeh strani meje. \u0160lo je za dijakinje, pa tudi za \u017eenske, starej\u0161e od tridesetih let, ki so tekmovale v dveh razli\u010dnih kategorijah.<\/div>\n<div>Ker je bila tema zelo zanimiva, je pritegnila k sodelovanju tudi nekatere dijakinje zavoda \u017d. Zoisa. Nagrajevanje je potekalo 8.junija v sejni dvorani gori\u0161ke pokrajinske uprave v prisotnosti predsednika gori\u0161kega pokrajinskega sveta \u00a0Gherghette in drugih vplivnih osebnosti.<\/div>\n<div>Ena izmed zmagovalk nate\u010daja je bila Sofia Semoli\u010d, dijakinja 2.razreda zavoda Zoisa, priznanje pa je prejela tudi dijakinja 1.razreda \u00a0Lisa Burra.<\/div>\n<div>Pobuda je bila zelo koristna, saj je \u00a0oplemenitila u\u010dno-vzgojno ponudbo in \u00a0spodbudila kulturno in osebnostno rast sodelujo\u010dih.<\/div>\n","protected":false},"excerpt":{"rendered":"<p>Pokrajina Gorica \u00a0je v sodelovanju z Mestno ob\u010dino Nova Gorica razpisala literarni nate\u010daj Glas \u017eenske na temo ZAKAJ \u017dENSKE \u0160E VEDNO ZAOSTAJAJO?. Polo\u017eaj \u017eenske v sodobni dru\u017ebi \u0161e ni idealen, saj je razpeta med dru\u017eino in [&hellip;]<\/p>\n","protected":false},"author":13,"featured_media":0,"comment_status":"closed","ping_status":"closed","sticky":false,"template":"","format":"standard","meta":{"_acf_changed":false,"footnotes":""},"tags":[],"class_list":["post-1041","post","type-post","status-publish","format-standard","hentry"],"acf":[],"_links":{"self":[{"href":"https:\/\/potep.edu.it\/sl\/wp-json\/wp\/v2\/posts\/1041","targetHints":{"allow":["GET"]}}],"collection":[{"href":"https:\/\/potep.edu.it\/sl\/wp-json\/wp\/v2\/posts"}],"about":[{"href":"https:\/\/potep.edu.it\/sl\/wp-json\/wp\/v2\/types\/post"}],"author":[{"embeddable":true,"href":"https:\/\/potep.edu.it\/sl\/wp-json\/wp\/v2\/users\/13"}],"replies":[{"embeddable":true,"href":"https:\/\/potep.edu.it\/sl\/wp-json\/wp\/v2\/comments?post=1041"}],"version-history":[{"count":0,"href":"https:\/\/potep.edu.it\/sl\/wp-json\/wp\/v2\/posts\/1041\/revisions"}],"wp:attachment":[{"href":"https:\/\/potep.edu.it\/sl\/wp-json\/wp\/v2\/media?parent=1041"}],"wp:term":[{"taxonomy":"post_tag","embeddable":true,"href":"https:\/\/potep.edu.it\/sl\/wp-json\/wp\/v2\/tags?post=1041"}],"curies":[{"name":"wp","href":"https:\/\/api.w.org\/{rel}","templated":true}]}}