{"id":1025,"date":"2016-01-15T18:17:57","date_gmt":"2016-01-15T17:17:57","guid":{"rendered":"http:\/\/wp.potep.org\/?p=1025"},"modified":"2016-01-15T18:17:57","modified_gmt":"2016-01-15T17:17:57","slug":"projekt-turismabile-turizem-za-vse","status":"publish","type":"post","link":"https:\/\/potep.edu.it\/sl\/projekt-turismabile-turizem-za-vse\/","title":{"rendered":"Projekt Turismabile &#8211; Turizem za vse"},"content":{"rendered":"<div>21. decembra 2015 smo dijaki 4. in 5. razreda poklicnega zavoda Ivana Cankarja sodelovali pri osemurnem izobra\u017eevalnem sre\u010danju v Grade\u017eu. Sre\u010danje sodi v projekt Turismabile \u2013 Turizem za vse, ki ga je organizirala gori\u0161ka pokrajinska uprava. Pri projektu so sodelovali tudi dijaki italijanskih \u0161ol D\u2019Annunzio iz Gorice in Pertini iz Tr\u017ei\u010da.<\/div>\n<div>Na predavanju so nam obrazlo\u017eili, zakaj je potrebno vklju\u010diti ljudi s posebnimi potrebami v turizem, saj vse tr\u017ene raziskave ka\u017eejo na zelo velik potencial gostov s posebnimi potrebami.<\/div>\n<div>V popoldanskih urah smo lahko sami sedli na invalidske vozi\u010dke in smo tako ugotovili, kako te\u017eko in naporno se je z njimi premikati.<\/div>\n<div>Polni novih spoznanj smo se v ve\u010dernih urah vrnili domov.<\/div>\n<div>Dijaki 4. razreda I. Cankarja<\/div>\n<div><a href=\"http:\/\/www.potep.org\/2016\/01\/15\/projekt-turismabile-turizem-za-vse\/dic-2015-001\/\" rel=\"attachment wp-att-1214\"><img loading=\"lazy\" decoding=\"async\" class=\"alignnone size-medium wp-image-1214\" src=\"http:\/\/www.potep.org\/wp-content\/uploads\/2017\/08\/dic-2015-001-300x225.jpg\" alt=\"\" width=\"300\" height=\"225\" \/><\/a> <a href=\"http:\/\/www.potep.org\/2016\/01\/15\/projekt-turismabile-turizem-za-vse\/dic-2015-017\/\" rel=\"attachment wp-att-1213\"><img loading=\"lazy\" decoding=\"async\" class=\"alignnone size-medium wp-image-1213\" src=\"http:\/\/www.potep.org\/wp-content\/uploads\/2017\/08\/dic-2015-017-225x300.jpg\" alt=\"\" width=\"225\" height=\"300\" \/><\/a><\/div>\n","protected":false},"excerpt":{"rendered":"<p>21. decembra 2015 smo dijaki 4. in 5. razreda poklicnega zavoda Ivana Cankarja sodelovali pri osemurnem izobra\u017eevalnem sre\u010danju v Grade\u017eu. Sre\u010danje sodi v projekt Turismabile \u2013 Turizem za vse, ki ga je organizirala gori\u0161ka pokrajinska uprava. [&hellip;]<\/p>\n","protected":false},"author":13,"featured_media":1213,"comment_status":"closed","ping_status":"closed","sticky":false,"template":"","format":"standard","meta":{"_acf_changed":false,"footnotes":""},"tags":[],"class_list":["post-1025","post","type-post","status-publish","format-standard","has-post-thumbnail","hentry"],"acf":[],"_links":{"self":[{"href":"https:\/\/potep.edu.it\/sl\/wp-json\/wp\/v2\/posts\/1025","targetHints":{"allow":["GET"]}}],"collection":[{"href":"https:\/\/potep.edu.it\/sl\/wp-json\/wp\/v2\/posts"}],"about":[{"href":"https:\/\/potep.edu.it\/sl\/wp-json\/wp\/v2\/types\/post"}],"author":[{"embeddable":true,"href":"https:\/\/potep.edu.it\/sl\/wp-json\/wp\/v2\/users\/13"}],"replies":[{"embeddable":true,"href":"https:\/\/potep.edu.it\/sl\/wp-json\/wp\/v2\/comments?post=1025"}],"version-history":[{"count":0,"href":"https:\/\/potep.edu.it\/sl\/wp-json\/wp\/v2\/posts\/1025\/revisions"}],"wp:featuredmedia":[{"embeddable":true,"href":"https:\/\/potep.edu.it\/sl\/wp-json\/"}],"wp:attachment":[{"href":"https:\/\/potep.edu.it\/sl\/wp-json\/wp\/v2\/media?parent=1025"}],"wp:term":[{"taxonomy":"post_tag","embeddable":true,"href":"https:\/\/potep.edu.it\/sl\/wp-json\/wp\/v2\/tags?post=1025"}],"curies":[{"name":"wp","href":"https:\/\/api.w.org\/{rel}","templated":true}]}}