{"id":1001,"date":"2016-05-12T18:03:49","date_gmt":"2016-05-12T16:03:49","guid":{"rendered":"http:\/\/wp.potep.org\/?p=1001"},"modified":"2016-05-12T18:03:49","modified_gmt":"2016-05-12T16:03:49","slug":"strokovna-ekskurzija-na-gorenjsko","status":"publish","type":"post","link":"https:\/\/potep.edu.it\/sl\/strokovna-ekskurzija-na-gorenjsko\/","title":{"rendered":"Strokovna ekskurzija na Gorenjsko"},"content":{"rendered":"<div>Dijaki 1. in 2. razredov so se v torek, 19.04.2016, udele\u017eili strokovne ekskurzije na Gorenjsko, ki jo je nudilo Ministrstvo za izobra\u017eevanje, zananost in \u0161port RS v koordinaciji Zavoda RS za \u0161olstvo.<\/div>\n<div>Zbiranje je bilo v zgodnjih jutranjih urah na parkiri\u0161\u010du v Ro\u017eni dolini, kjer so si zaspani dijaki, ki so pri\u0161li dovolj zgodaj, nabavili tudi malico. Kljub dobrim vremenskim napovedim je bilo jutro precej hladno, saj je bilo nebo prekrito z oblaki, pihala pa je tudi precej mo\u010dna burja. Nekateri so se \u017ee bali, da bo dan zelo hladen in da niso dovolj oble\u010deni, \u010deprav so jih profesorji mirili, da bo verjetno na Gorenjskem lep\u0161e in topleje.<\/div>\n<div>Po kratki zamudi (dva dijaka sta zbolela in nista obvestila, da ne prideta na izlet, telefonsko pa sta bila nedosegljiva) se je avtobus podal na pot in za\u010del vzpon od Vipavske doline proti Razdrtemu. Med vzponom so do tedaj veselo hrupni dijaki kar naenkrat obmolknili, ko je ob izhodu iz tunela mo\u010dan sunek burje zlomil sprednja vrata avtobusa in jih skoraj odnesel s seboj v dolino. Dijaki so kon\u010dno razumeli, zakaj se vas na koncu vzpona imenuje Razdrto: tako je bilo namre\u010d stanje avtobusa oz. njegovih vrat. Spretno posredovanje vodi\u010da in \u0161oferja, ki je pogumno stopil na cestno ograjo in ob sunkih burje, ki so ga porivali proti prepadu, lovil ravnote\u017eje in isto\u010dasno porival vrata, je vsaj za\u010dasno popravilo vrata in omogo\u010dilo nadaljevanje, sicer po\u010dasno in previdno, proti Postojni. V Postojni smo se na hitro preselili na nov (mrzli) avtobus in kon\u010dno odpeljali s primerno hitrostjo proti Gorenjski.<\/div>\n<div>Vodi\u010d je po poti lepo orisal znamenitosti te regije in nam povedal, kaj si bomo ogledali. Prva postojanka je bil Biotehni\u0161ki center Naklo, velik in izredno dobro organiziran center, ki nudi pouk srednje\u0161olcem, vi\u0161je\u0161olcem, odraslim in te\u010dajnikom. Center je izobra\u017eevalna in raziskovalna ustanova v lepem naravnem okolju, ki zdru\u017euje dijake in te\u010dajnke od dale\u010d naokrog. Sprejela nas je pomo\u010dnica ravnateljice srednje \u0161ole Monika Rant, ki nam je najprej lepo predstavila delovanje in cilje centra. Dijake je najbolj presenetilo dejstvo, da imajo pouk od sedmih zjutraj pa vse do ve\u010dera \u00a0(\u010deprav je popoldanski pouk v glavnem namenjen te\u010dajem za odrasle) in to, da se dijaki pripravljajo z zelo prakti\u010dnim delom, ki ga uspe\u0161no ponujajo strankam. U\u010dijo se gospodarstva, a tudi naravovarstva, hortikulture, gospodinjstva, kmetijstva, \u017eivilstva, itd. Zelo prijeten je bil nato ogled strukture, predvsem ko so dijaki stopili v hleve in si ogledali ter bo\u017eali konje in krave. Nazadnje so imeli \u0161e mo\u017enost, da si ogledajo \u0161olsko trgovino, kjer dijaki centra ponujajo zdrave in biolo\u0161ke produkte, ki jih sami izdelujejo.<\/div>\n<div>Ekskurzija se je nadaljevala do Dov\u017eanove soteske, kjer sta nas vodi\u010da v dveh skupina popeljala po u\u010dni poti. Nekatere dijake je sicer presenetilo, da je soteska majhna (vedeli so namre\u010d, da je soteska nekak\u0161en kanjon, in v mislih so seveda imeli Grand Canyon v Arizoni!), so pa izvedeli veliko zanimivih podatkov o geolo\u0161kih dobah, ki so v skalovju seoteske zelo dobro vidni. Sprehod je bil zelo prijeten, saj je tedaj posijalo sonce, tako da se je celo rahlo stra\u0161ljivi vzpon po skali na vrh soteske zdel ma\u010dji ka\u0161elj. Le redki so se plezanju odpovedali.<\/div>\n<div>Po ogledu soteske smo \u0161li v Lesce na zaslu\u017eeno kosilo, ki ga je ponudilo Ministrstvo za izobra\u017eevanje, zananost in \u0161port RS.<\/div>\n<div>Z novimi energijami smo se nato pomaknili v \u0160kofjo loko, kjer smo se najprej vzpeli na grad. Na gradu smo si po skupinah ogledali muzej, ki vklju\u010duje arheolo\u0161ko, zgodovinsko, kulturnozgodovinsko, umetnostnozgodovinsko, etnolo\u0161ko in prirodoslovno zbirko. Nato smo se z vodi\u010dem sprehodili do starega centra mesta, izvedeli \u0161e nekaj zanimivosti o mestu in njegovi zgodovini, si privo\u0161\u010dili sladoled ali pija\u010do na son\u010dnem trgu, in se po\u010dasi spet odpeljali proti Primorski.<\/div>\n<div>Povratek v Novo Gorico je bil brez zamud, tako da so se dijaki in profesorji nasmejani vrnili domov po nove energije za naslednji dan.<\/div>\n<div><\/div>\n<div><a href=\"http:\/\/www.potep.org\/2016\/05\/12\/strokovna-ekskurzija-na-gorenjsko\/gorenjska_0014\/\" rel=\"attachment wp-att-1486\"><img loading=\"lazy\" decoding=\"async\" class=\"alignleft size-medium wp-image-1486\" src=\"http:\/\/www.potep.org\/wp-content\/uploads\/2016\/05\/gorenjska_0014-225x300.jpg\" alt=\"\" width=\"225\" height=\"300\" \/><\/a> <a href=\"http:\/\/www.potep.org\/2016\/05\/12\/strokovna-ekskurzija-na-gorenjsko\/gorenjska_0015\/\" rel=\"attachment wp-att-1487\"><img loading=\"lazy\" decoding=\"async\" class=\"alignleft size-medium wp-image-1487\" src=\"http:\/\/www.potep.org\/wp-content\/uploads\/2016\/05\/gorenjska_0015-225x300.jpg\" alt=\"\" width=\"225\" height=\"300\" \/><\/a> <a href=\"http:\/\/www.potep.org\/2016\/05\/12\/strokovna-ekskurzija-na-gorenjsko\/gorenjska_0016\/\" rel=\"attachment wp-att-1488\"><img loading=\"lazy\" decoding=\"async\" class=\"alignleft size-medium wp-image-1488\" src=\"http:\/\/www.potep.org\/wp-content\/uploads\/2016\/05\/gorenjska_0016-300x225.jpg\" alt=\"\" width=\"300\" height=\"225\" \/><\/a> <a href=\"http:\/\/www.potep.org\/2016\/05\/12\/strokovna-ekskurzija-na-gorenjsko\/gorenjska_0001\/\" rel=\"attachment wp-att-1489\"><img loading=\"lazy\" decoding=\"async\" class=\"alignleft size-medium wp-image-1489\" src=\"http:\/\/www.potep.org\/wp-content\/uploads\/2016\/05\/gorenjska_0001-300x225.jpg\" alt=\"\" width=\"300\" height=\"225\" \/><\/a> <a href=\"http:\/\/www.potep.org\/2016\/05\/12\/strokovna-ekskurzija-na-gorenjsko\/gorenjska_0002\/\" rel=\"attachment wp-att-1490\"><img loading=\"lazy\" decoding=\"async\" class=\"alignleft size-medium wp-image-1490\" src=\"http:\/\/www.potep.org\/wp-content\/uploads\/2016\/05\/gorenjska_0002-300x225.jpg\" alt=\"\" width=\"300\" height=\"225\" \/><\/a> <a href=\"http:\/\/www.potep.org\/2016\/05\/12\/strokovna-ekskurzija-na-gorenjsko\/gorenjska_0003\/\" rel=\"attachment wp-att-1491\"><img loading=\"lazy\" decoding=\"async\" class=\"alignleft size-medium wp-image-1491\" src=\"http:\/\/www.potep.org\/wp-content\/uploads\/2016\/05\/gorenjska_0003-300x225.jpg\" alt=\"\" width=\"300\" height=\"225\" \/><\/a> <a href=\"http:\/\/www.potep.org\/2016\/05\/12\/strokovna-ekskurzija-na-gorenjsko\/gorenjska_0004\/\" rel=\"attachment wp-att-1492\"><img loading=\"lazy\" decoding=\"async\" class=\"alignleft size-medium wp-image-1492\" src=\"http:\/\/www.potep.org\/wp-content\/uploads\/2016\/05\/gorenjska_0004-300x225.jpg\" alt=\"\" width=\"300\" height=\"225\" \/><\/a> <a href=\"http:\/\/www.potep.org\/2016\/05\/12\/strokovna-ekskurzija-na-gorenjsko\/gorenjska_0005\/\" rel=\"attachment wp-att-1494\"><img loading=\"lazy\" decoding=\"async\" class=\"alignleft size-medium wp-image-1494\" src=\"http:\/\/www.potep.org\/wp-content\/uploads\/2016\/05\/gorenjska_0005-300x230.jpg\" alt=\"\" width=\"300\" height=\"230\" \/><\/a> <a href=\"http:\/\/www.potep.org\/2016\/05\/12\/strokovna-ekskurzija-na-gorenjsko\/gorenjska_0006\/\" rel=\"attachment wp-att-1495\"><img loading=\"lazy\" decoding=\"async\" class=\"alignleft size-medium wp-image-1495\" src=\"http:\/\/www.potep.org\/wp-content\/uploads\/2016\/05\/gorenjska_0006-225x300.jpg\" alt=\"\" width=\"225\" height=\"300\" \/><\/a> <a href=\"http:\/\/www.potep.org\/2016\/05\/12\/strokovna-ekskurzija-na-gorenjsko\/gorenjska_0007\/\" rel=\"attachment wp-att-1496\"><img loading=\"lazy\" decoding=\"async\" class=\"alignleft size-medium wp-image-1496\" src=\"http:\/\/www.potep.org\/wp-content\/uploads\/2016\/05\/gorenjska_0007-300x225.jpg\" alt=\"\" width=\"300\" height=\"225\" \/><\/a> <a href=\"http:\/\/www.potep.org\/2016\/05\/12\/strokovna-ekskurzija-na-gorenjsko\/gorenjska_0008\/\" rel=\"attachment wp-att-1497\"><img loading=\"lazy\" decoding=\"async\" class=\"alignleft size-medium wp-image-1497\" src=\"http:\/\/www.potep.org\/wp-content\/uploads\/2016\/05\/gorenjska_0008-225x300.jpg\" alt=\"\" width=\"225\" height=\"300\" \/><\/a> <a href=\"http:\/\/www.potep.org\/2016\/05\/12\/strokovna-ekskurzija-na-gorenjsko\/gorenjska_0009\/\" rel=\"attachment wp-att-1498\"><img loading=\"lazy\" decoding=\"async\" class=\"alignleft size-medium wp-image-1498\" src=\"http:\/\/www.potep.org\/wp-content\/uploads\/2016\/05\/gorenjska_0009-300x225.jpg\" alt=\"\" width=\"300\" height=\"225\" \/><\/a> <a href=\"http:\/\/www.potep.org\/2016\/05\/12\/strokovna-ekskurzija-na-gorenjsko\/gorenjska_0010\/\" rel=\"attachment wp-att-1499\"><img loading=\"lazy\" decoding=\"async\" class=\"alignleft size-medium wp-image-1499\" src=\"http:\/\/www.potep.org\/wp-content\/uploads\/2016\/05\/gorenjska_0010-225x300.jpg\" alt=\"\" width=\"225\" height=\"300\" \/><\/a> <a href=\"http:\/\/www.potep.org\/2016\/05\/12\/strokovna-ekskurzija-na-gorenjsko\/gorenjska_0011\/\" rel=\"attachment wp-att-1500\"><img loading=\"lazy\" decoding=\"async\" class=\"alignleft size-medium wp-image-1500\" src=\"http:\/\/www.potep.org\/wp-content\/uploads\/2016\/05\/gorenjska_0011-300x225.jpg\" alt=\"\" width=\"300\" height=\"225\" \/><\/a> <a href=\"http:\/\/www.potep.org\/2016\/05\/12\/strokovna-ekskurzija-na-gorenjsko\/gorenjska_0012\/\" rel=\"attachment wp-att-1501\"><img loading=\"lazy\" decoding=\"async\" class=\"alignleft size-medium wp-image-1501\" src=\"http:\/\/www.potep.org\/wp-content\/uploads\/2016\/05\/gorenjska_0012-300x225.jpg\" alt=\"\" width=\"300\" height=\"225\" \/><\/a> <a href=\"http:\/\/www.potep.org\/2016\/05\/12\/strokovna-ekskurzija-na-gorenjsko\/gorenjska_0013\/\" rel=\"attachment wp-att-1502\"><img loading=\"lazy\" decoding=\"async\" class=\"alignleft size-medium wp-image-1502\" src=\"http:\/\/www.potep.org\/wp-content\/uploads\/2016\/05\/gorenjska_0013-300x225.jpg\" alt=\"\" width=\"300\" height=\"225\" \/><\/a><\/div>\n","protected":false},"excerpt":{"rendered":"<p>Dijaki 1. in 2. razredov so se v torek, 19.04.2016, udele\u017eili strokovne ekskurzije na Gorenjsko, ki jo je nudilo Ministrstvo za izobra\u017eevanje, zananost in \u0161port RS v koordinaciji Zavoda RS za \u0161olstvo. Zbiranje je bilo v [&hellip;]<\/p>\n","protected":false},"author":13,"featured_media":1499,"comment_status":"closed","ping_status":"closed","sticky":false,"template":"","format":"standard","meta":{"_acf_changed":false,"footnotes":""},"tags":[],"class_list":["post-1001","post","type-post","status-publish","format-standard","has-post-thumbnail","hentry"],"acf":[],"_links":{"self":[{"href":"https:\/\/potep.edu.it\/sl\/wp-json\/wp\/v2\/posts\/1001","targetHints":{"allow":["GET"]}}],"collection":[{"href":"https:\/\/potep.edu.it\/sl\/wp-json\/wp\/v2\/posts"}],"about":[{"href":"https:\/\/potep.edu.it\/sl\/wp-json\/wp\/v2\/types\/post"}],"author":[{"embeddable":true,"href":"https:\/\/potep.edu.it\/sl\/wp-json\/wp\/v2\/users\/13"}],"replies":[{"embeddable":true,"href":"https:\/\/potep.edu.it\/sl\/wp-json\/wp\/v2\/comments?post=1001"}],"version-history":[{"count":0,"href":"https:\/\/potep.edu.it\/sl\/wp-json\/wp\/v2\/posts\/1001\/revisions"}],"wp:featuredmedia":[{"embeddable":true,"href":"https:\/\/potep.edu.it\/sl\/wp-json\/"}],"wp:attachment":[{"href":"https:\/\/potep.edu.it\/sl\/wp-json\/wp\/v2\/media?parent=1001"}],"wp:term":[{"taxonomy":"post_tag","embeddable":true,"href":"https:\/\/potep.edu.it\/sl\/wp-json\/wp\/v2\/tags?post=1001"}],"curies":[{"name":"wp","href":"https:\/\/api.w.org\/{rel}","templated":true}]}}